{"id":45278,"date":"2023-06-25T21:00:56","date_gmt":"2023-06-25T21:00:56","guid":{"rendered":"https:\/\/melong.online\/merigar-programma-della-settimana-26-giugno-2-luglio\/"},"modified":"2023-06-25T21:00:56","modified_gmt":"2023-06-25T21:00:56","slug":"merigar-programma-della-settimana-26-giugno-2-luglio","status":"publish","type":"post","link":"https:\/\/melong.online\/it\/merigar-programma-della-settimana-26-giugno-2-luglio\/","title":{"rendered":"Merigar \u2013 Programma della settimana 26 giugno \u2013 2 luglio"},"content":{"rendered":"<p>Proseguono anche questa settimana i lavori di restauro del G\u00f6npa; marted\u00ec 27 alle 19:00 in Sala Mandala pratica di Mandarava; Comincia il corso di formazione per insegnanti di Respira (numero chiuso) sempre in Sala Mandala. Mercoled\u00ec 28 giugno alle 18:30 in Sala Mandala Ganapuja nel giorno di Padmasambhava; Sabato 1 luglio alle 18:00 Assemblea IDC in Sala Mandala.    <\/p>\n<p><strong><span style=\"font-size: revert;\">Luned\u00ec 26 giugno<\/span><\/strong><\/p>\n<section>\n<div>\n<div>\n<p>&#8212;&#8211;<\/p>\n<p><strong>Marted\u00ec 27 giugno<\/strong><br \/>\n16-18:30, <a href=\"https:\/\/www.merigar.it\/en\/courses-and-events\/teacher-training-respira-2023\/\" target=\"_blank\" rel=\"noopener\">Corso di formazione per insegnanti di Respira<\/a>, con Fabio Andrico, in Sala Mandala<br \/>\n19:00 Pratica di Mandarava, in Sala Mandala<\/p>\n<p><strong>Mercoled\u00ec 28 giugno<\/strong><br \/>\n9-11:30 e 15-17:30 <a href=\"https:\/\/www.merigar.it\/en\/courses-and-events\/teacher-training-respira-2023\/\" target=\"_blank\" rel=\"noopener\">Corso di formazione per insegnanti di Respira<\/a>, con Fabio Andrico, in Sala Mandala<br \/>\n16-17 Gruppo di Studio sul Tantra Medjung \u2018Il Meraviglioso Stato Primordiale\u2019, in Biblioteca e su zoom<br \/>\n18:30 Ganapuja nel giorno di Padmasambhava, in Sala Mandala e webcast<\/p>\n<p><strong>Gioved\u00ec 29 giugno<\/strong><br \/>\n9-11:30 e 15-17:30 <a href=\"https:\/\/www.merigar.it\/en\/courses-and-events\/teacher-training-respira-2023\/\" target=\"_blank\" rel=\"noopener\">Corso di formazione per insegnanti di Respira<\/a>, con Fabio Andrico, in Sala Mandala<br \/>\n18:00 \u2013 19:00 Danze Gioiose Khaita, in Sala Mandala o piattaforma esterna<br \/>\n19:15 Danza del Vajra, in Sala Mandala o piattaforma esterna<\/p>\n<p><strong>Venerd\u00ec 30 giugno<\/strong><br \/>\n9-11:30 e 15-17:30 <a href=\"https:\/\/www.merigar.it\/en\/courses-and-events\/teacher-training-respira-2023\/\" target=\"_blank\" rel=\"noopener\">Corso di formazione per insegnanti di Respira<\/a>, con Fabio Andrico, in Sala Mandala<br \/>\n18:00 Danza del Vajra, in Sala Mandala o piattaforma esterna<\/p>\n<p><strong>Sabato 1 luglio<\/strong><br \/>\n9-11:30 e 15-17:15 <a href=\"https:\/\/www.merigar.it\/en\/courses-and-events\/teacher-training-respira-2023\/\" target=\"_blank\" rel=\"noopener\">Corso di formazione per insegnanti di Respira<\/a>, con Fabio Andrico, in Sala Mandala<br \/>\n18:00 Assemblea IDC in Sala Mandala<\/p>\n<p><strong>Domenica 2 luglio<\/strong><br \/>\n9-11:30 e 15-17:30 <a href=\"https:\/\/www.merigar.it\/en\/courses-and-events\/teacher-training-respira-2023\/\" target=\"_blank\" rel=\"noopener\">Corso di formazione per insegnanti di Respira<\/a>, con Fabio Andrico, in Sala Mandala<br \/>\n16:00 Danze Gioiose Khaita in Sala Mandala<\/p>\n<p>Vi ricordiamo che la pratica del Thun con le invocazioni delle Guardie, a sostegno delle popolazioni colpite dalla guerra, organizzata da un gruppo di praticanti di Kharkiv continua ogni giorno alle 19:00 ora italiana in zoom. Il link per partecipare \u00e8 <a href=\".\" target=\"_blank\" rel=\"noopener\">https:\/\/us02web.zoom.us\/j\/5166966436?pwd=cUdpZHJQRUFobjh4SlBTU2VNeEdTUT09<\/a><\/p>\n<p><strong>ONLINE courses<\/strong><br \/>\nFriday, 18:00 \u2013 19:30 Yantra Yoga for advanced \u2013 the 5 series \u2013 with Fabiana Esca and Dina Priymak, on zoom<\/p>\n<p><strong>Pratiche online<\/strong><\/p>\n<ul>\n<li>Yantra Yoga Livello Avanzato \u2013 luned\u00ec, ore 16.30<\/li>\n<li>mercoled\u00ec, ore 17.30 Yantra Yoga Livello Aperto<\/li>\n<li>venerd\u00ec, ore 9.00; Yoga sulla Sedia \u2013 con Dina Priymak<\/li>\n<li>Yantra Yoga a livello avanzato sulle varianti e i 7 loti, con Oni Mac Kinstry \u2013 sabato alle 9:00<\/li>\n<li>domenica, ore 8.30 pratica guidata di Yantra Yoga per praticanti di livello medio<\/li>\n<\/ul>\n<p>Link valido per tutte le pratiche on line di cui sopra (ad eccezione della classe Respira): <a href=\"https:\/\/us02web.zoom.us\/j\/4865700590?pwd=TWVTMnlWaG9lWTZGWEkwM2dQWHJqQT09\" target=\"_blank\" rel=\"nofollow noopener\">https:\/\/us02web.zoom.us\/j\/4865700590?pwd=TWVTMnlWaG9lWTZGWEkwM2dQWHJqQT09<\/a> per il collegamento potete contattare <a>Dina<\/a>.<\/p>\n<\/div>\n<\/div>\n<\/section>\n","protected":false},"excerpt":{"rendered":"<p>Continuano i lavori in G\u00f6npa. Marted\u00ec 27 pratica di Mandarava, inizia la formazione degli insegnanti di Respira. Mercoled\u00ec 28 Ganapuja nel giorno di Padmasambhava. Sabato 1 luglio Assemblea generale dell&#8217;IDC.   <\/p>\n","protected":false},"author":2,"featured_media":39256,"comment_status":"closed","ping_status":"closed","sticky":false,"template":"","format":"standard","meta":{"_et_pb_use_builder":"","_et_pb_old_content":"","_et_gb_content_width":"","_searchwp_excluded":"","footnotes":""},"categories":[1560],"tags":[1566,1812],"class_list":["post-45278","post","type-post","status-publish","format-standard","has-post-thumbnail","hentry","category-merigar-west-it","tag-merigar-ovest","tag-programma-settimanale","et-has-post-format-content","et_post_format-et-post-format-standard"],"_links":{"self":[{"href":"https:\/\/melong.online\/it\/wp-json\/wp\/v2\/posts\/45278","targetHints":{"allow":["GET"]}}],"collection":[{"href":"https:\/\/melong.online\/it\/wp-json\/wp\/v2\/posts"}],"about":[{"href":"https:\/\/melong.online\/it\/wp-json\/wp\/v2\/types\/post"}],"author":[{"embeddable":true,"href":"https:\/\/melong.online\/it\/wp-json\/wp\/v2\/users\/2"}],"replies":[{"embeddable":true,"href":"https:\/\/melong.online\/it\/wp-json\/wp\/v2\/comments?post=45278"}],"version-history":[{"count":0,"href":"https:\/\/melong.online\/it\/wp-json\/wp\/v2\/posts\/45278\/revisions"}],"wp:featuredmedia":[{"embeddable":true,"href":"https:\/\/melong.online\/it\/wp-json\/wp\/v2\/media\/39256"}],"wp:attachment":[{"href":"https:\/\/melong.online\/it\/wp-json\/wp\/v2\/media?parent=45278"}],"wp:term":[{"taxonomy":"category","embeddable":true,"href":"https:\/\/melong.online\/it\/wp-json\/wp\/v2\/categories?post=45278"},{"taxonomy":"post_tag","embeddable":true,"href":"https:\/\/melong.online\/it\/wp-json\/wp\/v2\/tags?post=45278"}],"curies":[{"name":"wp","href":"https:\/\/api.w.org\/{rel}","templated":true}]}}