{"id":64638,"date":"2026-01-18T20:50:17","date_gmt":"2026-01-18T20:50:17","guid":{"rendered":"https:\/\/melong.online\/in-memoria-di-paolino-il-nepalese\/"},"modified":"2026-01-19T13:51:22","modified_gmt":"2026-01-19T13:51:22","slug":"in-memoria-di-paolino-il-nepalese","status":"publish","type":"post","link":"https:\/\/melong.online\/it\/in-memoria-di-paolino-il-nepalese\/","title":{"rendered":"In Memoria di Paolino, &#8220;il Nepalese&#8221;"},"content":{"rendered":"\n<p><\/p>\n\n<figure class=\"wp-block-image aligncenter size-large is-resized\"><img decoding=\"async\" src=\"https:\/\/melong.online\/wp-content\/uploads\/2026\/01\/Paolino-dicembre-25-tenerife-e1768768613380.jpg\" alt=\"\" style=\"aspect-ratio:0.8094881110278146;width:389px;height:auto\"\/><\/figure>\n\n<p><br\/>\u201cPaolino\u201d Perrella \u00e8 stato una figura storica della nostra Comunit\u00e0. Tra i primi studenti di <strong>Ch\u00f6gyal Namkhai Norbu<\/strong>, arriv\u00f2 al ritiro di Subiaco nel 1976, partecipando attivamente alla nascita della Comunit\u00e0 Dzogchen. Nel corso degli anni, ebbe la fortuna di ricevere dal Maestro la trasmissione di tutti i suoi preziosi Insegnamenti, incluso il <em>Rigpai Zal Wang <\/em>del <em>Jetsun Nyingthig<\/em>.   <\/p>\n\n<p>Il suo percorso spirituale era iniziato gi\u00e0 negli anni &#8217;70, quando il richiamo dell&#8217;Oriente lo port\u00f2 in Nepal. A Svayambhu ebbe il privilegio di incontrare il <strong>XVI Karmapa<\/strong>, dal quale ricevette le pratiche del <em>Ng\u00f6ndro<\/em> secondo la tradizione Karma Kagy\u00fc. Paolino si dedic\u00f2 con profonda devozione alla pratica di <strong>Vajrasattva<\/strong>, completando la recitazione dei centomila mantra. Fu proprio il XVI Karmapa a indicargli la via del ritorno, dicendogli che in Italia avrebbe finalmente incontrato il suo vero Maestro.   <\/p>\n\n<figure class=\"wp-block-image size-full\"><img loading=\"lazy\" decoding=\"async\" width=\"604\" height=\"339\" src=\"https:\/\/melong.online\/wp-content\/uploads\/2026\/01\/subiaco-1976.jpg\" alt=\"\" class=\"wp-image-64628\" srcset=\"https:\/\/melong.online\/wp-content\/uploads\/2026\/01\/subiaco-1976.jpg 604w, https:\/\/melong.online\/wp-content\/uploads\/2026\/01\/subiaco-1976-600x337.jpg 600w\" sizes=\"(max-width: 604px) 100vw, 604px\" \/><figcaption class=\"wp-element-caption\">Group photo from the Subiaco retreat. Paolino is 4th from the left in his traditional Nepalese shirt.  <\/figcaption><\/figure>\n\n<p><\/p>\n\n<p>Poco dopo il suo rientro, Paolino seppe di un Lama tibetano che avrebbe tenuto degli insegnamenti in una villa privata a Subiaco: era l&#8217;inizio di un legame indissolubile. Da quel momento, segu\u00ec gli Insegnamenti di Rinpoche senza mai interrompersi, applicandoli con uno stile essenziale e senza fronzoli. Uomo dall&#8217;animo umile e dal carattere schietto \u2014 a tratti irascibile, ma sempre autentico \u2014 visse con estrema semplicit\u00e0, incarnando un distacco naturale dai beni materiali e dalle preoccupazioni per il proprio corpo.  <\/p>\n\n<p>La sua vita fu un intreccio di mestieri e passioni. Chitarrista raffinato, in giovent\u00f9 aveva appreso l&#8217;arte della liuteria, specializzandosi nella costruzione di chitarre classiche. Ma fu la montagna il suo vero elemento, un amore nato durante la lunga permanenza nel <strong>Langtang<\/strong>, una zona remota del Nepal al confine con il Tibet, tra pastori nomadi e yak. Di quel periodo portava con s\u00e9 la lingua, che parlava fluentemente, e l&#8217;abito tradizionale nepalese con cui si present\u00f2 a Subiaco, guadagnandosi per sempre il soprannome di &#8220;Paolino il Nepalese&#8221;.   <\/p>\n\n<figure class=\"wp-block-image size-large\"><img loading=\"lazy\" decoding=\"async\" width=\"1280\" height=\"591\" src=\"https:\/\/melong.online\/wp-content\/uploads\/2026\/01\/Paolino-e-capre-1280x591.jpg\" alt=\"\" class=\"wp-image-64629\" srcset=\"https:\/\/melong.online\/wp-content\/uploads\/2026\/01\/Paolino-e-capre-1280x591.jpg 1280w, https:\/\/melong.online\/wp-content\/uploads\/2026\/01\/Paolino-e-capre-600x277.jpg 600w, https:\/\/melong.online\/wp-content\/uploads\/2026\/01\/Paolino-e-capre-768x355.jpg 768w, https:\/\/melong.online\/wp-content\/uploads\/2026\/01\/Paolino-e-capre-1536x710.jpg 1536w, https:\/\/melong.online\/wp-content\/uploads\/2026\/01\/Paolino-e-capre-1080x499.jpg 1080w, https:\/\/melong.online\/wp-content\/uploads\/2026\/01\/Paolino-e-capre.jpg 2000w\" sizes=\"(max-width: 1280px) 100vw, 1280px\" \/><\/figure>\n\n<p><br\/>Questa sua anima solitaria e resiliente lo port\u00f2 per molti anni a vivere in una baita da lui stesso costruita a Bardonecchia. L\u00ec allevava capre, producendo formaggi e latte che, in inverno, trasportava a piedi con le ciaspole fino in paese per scambiarli con l&#8217;essenziale per vivere in isolamento tra le vette. <\/p>\n\n<p>Negli ultimi anni, subito dopo l&#8217;acquisto di <strong>Dzamling Gar<\/strong>, Paolino si era trasferito a Tenerife. Lavor\u00f2 prima al Gar come operaio e successivamente per il comune di Adeje. Con il declinare della salute, si era ritirato in una minuscola casetta a Las Galletas, a met\u00e0 strada tra il Gar e l&#8217;aeroporto, dove ha vissuto con dignit\u00e0 e semplicit\u00e0 fino alla sua scomparsa, avvenuta nel gennaio del 2026.  <\/p>\n\n<p>Paolino lascia il ricordo di un praticante &#8220;vecchio stampo&#8221;, la cui devozione non risiedeva nelle parole, ma nella coerenza di una vita vissuta ai margini della mondanit\u00e0 e nel cuore dell&#8217;Insegnamento.<\/p>\n\n<figure class=\"wp-block-image size-large\"><img loading=\"lazy\" decoding=\"async\" width=\"1280\" height=\"522\" src=\"https:\/\/melong.online\/wp-content\/uploads\/2026\/01\/Il-doppoio-arcobaleno-sulla-piazza-1280x522.jpg\" alt=\"\" class=\"wp-image-64630\" srcset=\"https:\/\/melong.online\/wp-content\/uploads\/2026\/01\/Il-doppoio-arcobaleno-sulla-piazza-1280x522.jpg 1280w, https:\/\/melong.online\/wp-content\/uploads\/2026\/01\/Il-doppoio-arcobaleno-sulla-piazza-600x245.jpg 600w, https:\/\/melong.online\/wp-content\/uploads\/2026\/01\/Il-doppoio-arcobaleno-sulla-piazza-768x313.jpg 768w, https:\/\/melong.online\/wp-content\/uploads\/2026\/01\/Il-doppoio-arcobaleno-sulla-piazza-1536x626.jpg 1536w, https:\/\/melong.online\/wp-content\/uploads\/2026\/01\/Il-doppoio-arcobaleno-sulla-piazza-1080x440.jpg 1080w, https:\/\/melong.online\/wp-content\/uploads\/2026\/01\/Il-doppoio-arcobaleno-sulla-piazza.jpg 2048w\" sizes=\"(max-width: 1280px) 100vw, 1280px\" \/><\/figure>\n\n<p><\/p>\n\n<p>Paolino \u00e8 mancato l\u2019<strong>11 gennaio alle 2:20 del mattino<\/strong>, ora di Tenerife. All\u2019uscita dall\u2019ospedale di Santa Cruz, le persone che lo avevano aiutato in questi difficili giorni sono state accolte sul piazzale da <strong>un radioso doppio arcobaleno<\/strong>. Ci piace immaginare che il nostro caro Paolino ci salutasse cos\u00ec, cantando le lodi del suo Sacro Maestro che lui chiamava sempre, con immensa devozione: \u201c<strong>Il Troppo Migliore<\/strong>\u201d.  <\/p>\n\n<p>Andrea Dell&#8217;Angelo<\/p>\n","protected":false},"excerpt":{"rendered":"<p>&#8220;Paolino&#8221; Perrella \u00e8 stato una figura storica della nostra Comunit\u00e0. Tra i primi studenti di Ch\u00f6gyal Namkhai Norbu, \u00e8 arrivato al ritiro di Subiaco nel 1976.  <\/p>\n","protected":false},"author":2,"featured_media":0,"comment_status":"closed","ping_status":"closed","sticky":false,"template":"","format":"standard","meta":{"_et_pb_use_builder":"off","_et_pb_old_content":"","_et_gb_content_width":"","_searchwp_excluded":"","footnotes":""},"categories":[1492,1533],"tags":[2136],"class_list":["post-64638","post","type-post","status-publish","format-standard","hentry","category-dalla-comunita","category-passaggi","tag-subiaco-ritiro","et-doesnt-have-format-content","et_post_format-et-post-format-standard"],"_links":{"self":[{"href":"https:\/\/melong.online\/it\/wp-json\/wp\/v2\/posts\/64638","targetHints":{"allow":["GET"]}}],"collection":[{"href":"https:\/\/melong.online\/it\/wp-json\/wp\/v2\/posts"}],"about":[{"href":"https:\/\/melong.online\/it\/wp-json\/wp\/v2\/types\/post"}],"author":[{"embeddable":true,"href":"https:\/\/melong.online\/it\/wp-json\/wp\/v2\/users\/2"}],"replies":[{"embeddable":true,"href":"https:\/\/melong.online\/it\/wp-json\/wp\/v2\/comments?post=64638"}],"version-history":[{"count":3,"href":"https:\/\/melong.online\/it\/wp-json\/wp\/v2\/posts\/64638\/revisions"}],"predecessor-version":[{"id":64641,"href":"https:\/\/melong.online\/it\/wp-json\/wp\/v2\/posts\/64638\/revisions\/64641"}],"wp:attachment":[{"href":"https:\/\/melong.online\/it\/wp-json\/wp\/v2\/media?parent=64638"}],"wp:term":[{"taxonomy":"category","embeddable":true,"href":"https:\/\/melong.online\/it\/wp-json\/wp\/v2\/categories?post=64638"},{"taxonomy":"post_tag","embeddable":true,"href":"https:\/\/melong.online\/it\/wp-json\/wp\/v2\/tags?post=64638"}],"curies":[{"name":"wp","href":"https:\/\/api.w.org\/{rel}","templated":true}]}}