{"id":65376,"date":"2026-03-09T19:10:58","date_gmt":"2026-03-09T19:10:58","guid":{"rendered":"https:\/\/melong.online\/mandarava-ritiro-dzamling-gar-marzo-2026\/"},"modified":"2026-03-11T14:27:11","modified_gmt":"2026-03-11T14:27:11","slug":"mandarava-ritiro-dzamling-gar-marzo-2026","status":"publish","type":"post","link":"https:\/\/melong.online\/it\/mandarava-ritiro-dzamling-gar-marzo-2026\/","title":{"rendered":"Ritiro di Mandarava Dzamling Gar Marzo 2026"},"content":{"rendered":"\n<p>di Paula Barry<\/p>\n\n<p>Siamo arrivati da ogni parte di questo travagliato globo sull&#8217;isola di Tenerife, con l&#8217;intenzione di immergerci per due settimane in un ritiro per praticare la pratica di lunga vita di Mandarava. <\/p>\n\n<p>Al centro di Tenerife si trova l&#8217;alta vetta vulcanica del Teide, che ultimamente ha dato segni di attivit\u00e0. Le sue antiche rocce laviche e i suoi altipiani conducono all&#8217;Oceano Atlantico, dove le spiagge nere invitano i pi\u00f9 coraggiosi a immergersi tra le onde impetuose e i pi\u00f9 timidi a trovare un posto comodo sulle rocce per ascoltare i suoni dell&#8217;oceano, respirare il suo profumo fresco e guardare il sole che ogni sera scende lentamente sotto l&#8217;orizzonte. <\/p>\n\n<figure class=\"wp-block-gallery has-nested-images columns-default is-cropped wp-block-gallery-1 is-layout-flex wp-block-gallery-is-layout-flex\">\n<figure class=\"wp-block-image size-large\"><img loading=\"lazy\" decoding=\"async\" width=\"983\" height=\"757\" data-id=\"65340\" src=\"https:\/\/melong.online\/wp-content\/uploads\/2026\/03\/drphuntsog.jpeg\" alt=\"\" class=\"wp-image-65340\" srcset=\"https:\/\/melong.online\/wp-content\/uploads\/2026\/03\/drphuntsog.jpeg 983w, https:\/\/melong.online\/wp-content\/uploads\/2026\/03\/drphuntsog-600x462.jpeg 600w, https:\/\/melong.online\/wp-content\/uploads\/2026\/03\/drphuntsog-768x591.jpeg 768w\" sizes=\"(max-width: 983px) 100vw, 983px\" \/><figcaption class=\"wp-element-caption\">Dr Phuntsog Wangmo<br\/>Foto: Paula Barry<\/figcaption><\/figure>\n\n\n\n<figure class=\"wp-block-image size-large\"><img loading=\"lazy\" decoding=\"async\" width=\"960\" height=\"1280\" data-id=\"65341\" src=\"https:\/\/melong.online\/wp-content\/uploads\/2026\/03\/fabio-960x1280.jpeg\" alt=\"\" class=\"wp-image-65341\" srcset=\"https:\/\/melong.online\/wp-content\/uploads\/2026\/03\/fabio-960x1280.jpeg 960w, https:\/\/melong.online\/wp-content\/uploads\/2026\/03\/fabio-450x600.jpeg 450w, https:\/\/melong.online\/wp-content\/uploads\/2026\/03\/fabio-768x1024.jpeg 768w, https:\/\/melong.online\/wp-content\/uploads\/2026\/03\/fabio-1152x1536.jpeg 1152w, https:\/\/melong.online\/wp-content\/uploads\/2026\/03\/fabio-1080x1440.jpeg 1080w, https:\/\/melong.online\/wp-content\/uploads\/2026\/03\/fabio.jpeg 1200w\" sizes=\"(max-width: 960px) 100vw, 960px\" \/><figcaption class=\"wp-element-caption\">Fabio Andrico<br\/>Foto: Paula Barry<\/figcaption><\/figure>\n<\/figure>\n\n<p><\/p>\n\n<p>Dzamling Gar, il Gar globale, immaginato da Ch\u00f6gyal Namkhai Norbu, \u00e8 il fulcro della comunit\u00e0 Dzogchen mondiale, dove i praticanti di tutto il mondo possono trovare un luogo in cui connettersi e riconnettersi agli insegnamenti e alle pratiche del nostro Maestro. Il Gar stesso \u00e8 una bellissima oasi dove i praticanti possono venire e soggiornare per un periodo di tempo al fine di familiarizzare nuovamente con gli insegnamenti e le pratiche, o ricaricarsi e sperimentare nuovamente pratiche che fanno parte della loro vita da tempo. <\/p>\n\n<p><\/p>\n\n<figure class=\"wp-block-gallery has-nested-images columns-default is-cropped wp-block-gallery-2 is-layout-flex wp-block-gallery-is-layout-flex\">\n<figure class=\"wp-block-image size-large\"><img loading=\"lazy\" decoding=\"async\" width=\"1200\" height=\"1241\" data-id=\"65338\" src=\"https:\/\/melong.online\/wp-content\/uploads\/2026\/03\/mandarava.jpg\" alt=\"\" class=\"wp-image-65338\" srcset=\"https:\/\/melong.online\/wp-content\/uploads\/2026\/03\/mandarava.jpg 1200w, https:\/\/melong.online\/wp-content\/uploads\/2026\/03\/mandarava-580x600.jpg 580w, https:\/\/melong.online\/wp-content\/uploads\/2026\/03\/mandarava-768x794.jpg 768w, https:\/\/melong.online\/wp-content\/uploads\/2026\/03\/mandarava-1080x1117.jpg 1080w\" sizes=\"(max-width: 1200px) 100vw, 1200px\" \/><figcaption class=\"wp-element-caption\">Da sinistra a destra: Naomi Zeitz (Umdze), Dr Phuntsog Wangmo, Fabio Andrico e Sebastien Remy (Umdze). <br\/>Foto: Will Shea<\/figcaption><\/figure>\n<\/figure>\n\n<p><\/p>\n\n<p>Il ritiro \u00e8 iniziato il giorno dopo il Losar, il Capodanno tibetano, lasciandosi alle spalle l&#8217;anno del Serpente Legno ed entrando nell&#8217;anno del Cavallo Fuoco. Si \u00e8 aperto con la dottoressa Phuntsog Wangmo che ha interpretato l&#8217;antico simbolismo tibetano della raffigurazione del disegno di quest&#8217;anno del bue e del pastore [vedi pagina] in un&#8217;affascinante rappresentazione dei colori simbolici delle zampe, delle corna, dello stomaco, delle orecchie e della coda del bue, nonch\u00e9 del simbolismo rappresentato dal pastore che guida il bue: la sua et\u00e0, i colori della cintura e degli abiti, se indossa scarpe e la frusta che porta con s\u00e9. Sembra che il prossimo anno riservi qualche presagio di malattie contagiose e periodi di siccit\u00e0, nonch\u00e9 difficolt\u00e0 nella produzione agricola, ma potrebbe esserci meno depressione e la popolazione della Terra avr\u00e0 pi\u00f9 potere di autodeterminazione. In conclusione, dobbiamo andare avanti, non abbiamo scelta. Se riusciamo a essere rilassati, gentili e amorevoli, questo \u00e8 molto positivo.    <\/p>\n\n<p>Il nostro ritiro di pratica di Mandarava \u00e8 stato guidato da Fabio Andrico. Purtroppo, Elio Guarisco e Nina Robinson, gli altri studenti di Ch\u00f6gyal Namkhai Norbu autorizzati a guidare i ritiri di Mandarava, sono venuti a mancare, ma la loro conoscenza e devozione alla pratica rimangono con noi. Ad assistere Fabio nella guida delle tre pratiche che abbiamo fatto ogni giorno c&#8217;erano le voci melodiche e precise di Sebastian Remy e Naomi Zeitz. Ogni mattina alle 7:15 iniziavamo con una pratica molto breve che consisteva nella trasformazione essenziale nella Dakini Mandarava, la recitazione dei suoi due mantra che ci invitano a raggiungere una vita lunga e fruttuosa, nonch\u00e9 la pratica di respirazione Sogthig utilizzata per integrare la respirazione karmica nel canale centrale della saggezza, in modo da sperimentare veramente la nostra condizione autentica, sinonimo di vita immortale.    <\/p>\n\n<p><\/p>\n\n<figure class=\"wp-block-gallery has-nested-images columns-default is-cropped wp-block-gallery-3 is-layout-flex wp-block-gallery-is-layout-flex\">\n<figure class=\"wp-block-image size-large\"><img loading=\"lazy\" decoding=\"async\" width=\"960\" height=\"1280\" data-id=\"65342\" src=\"https:\/\/melong.online\/wp-content\/uploads\/2026\/03\/flowers-960x1280.jpeg\" alt=\"\" class=\"wp-image-65342\" srcset=\"https:\/\/melong.online\/wp-content\/uploads\/2026\/03\/flowers-960x1280.jpeg 960w, https:\/\/melong.online\/wp-content\/uploads\/2026\/03\/flowers-450x600.jpeg 450w, https:\/\/melong.online\/wp-content\/uploads\/2026\/03\/flowers-768x1024.jpeg 768w, https:\/\/melong.online\/wp-content\/uploads\/2026\/03\/flowers-1152x1536.jpeg 1152w, https:\/\/melong.online\/wp-content\/uploads\/2026\/03\/flowers-1080x1440.jpeg 1080w, https:\/\/melong.online\/wp-content\/uploads\/2026\/03\/flowers.jpeg 1200w\" sizes=\"(max-width: 960px) 100vw, 960px\" \/><figcaption class=\"wp-element-caption\">Fiori del giardino<br\/>Foto: Paula Barry<\/figcaption><\/figure>\n\n\n\n<figure class=\"wp-block-image size-large\"><img loading=\"lazy\" decoding=\"async\" width=\"960\" height=\"1280\" data-id=\"65343\" src=\"https:\/\/melong.online\/wp-content\/uploads\/2026\/03\/flowers1-960x1280.jpeg\" alt=\"\" class=\"wp-image-65343\" srcset=\"https:\/\/melong.online\/wp-content\/uploads\/2026\/03\/flowers1-960x1280.jpeg 960w, https:\/\/melong.online\/wp-content\/uploads\/2026\/03\/flowers1-450x600.jpeg 450w, https:\/\/melong.online\/wp-content\/uploads\/2026\/03\/flowers1-768x1024.jpeg 768w, https:\/\/melong.online\/wp-content\/uploads\/2026\/03\/flowers1-1152x1536.jpeg 1152w, https:\/\/melong.online\/wp-content\/uploads\/2026\/03\/flowers1-1080x1440.jpeg 1080w, https:\/\/melong.online\/wp-content\/uploads\/2026\/03\/flowers1.jpeg 1200w\" sizes=\"(max-width: 960px) 100vw, 960px\" \/><figcaption class=\"wp-element-caption\">Fiori del giardino<br\/>Foto: Paula Barry<\/figcaption><\/figure>\n<\/figure>\n\n<p><\/p>\n\n<p>Fabio ha istruito e guidato meticolosamente la nostra respirazione e le nostre visualizzazioni attraverso le miriadi di pratiche Tsa Lung di Mandarava, aiutandoci a fare esperienze reali di calore e piacere governate dall&#8217;esperienza della scoperta della nostra condizione primordiale di vuoto. Si \u00e8 assicurato che fossimo in grado di mettere a punto l&#8217;inspirazione, la trattenuta e l&#8217;espirazione del respiro in modo da consentire un&#8217;esperienza precisa di ciascuno degli Tsa lung. <\/p>\n\n<p>Abbiamo tutti percepito il lavoro determinato e devoto dei Karma Yogi che, come una solida spina dorsale, hanno contribuito al buon svolgimento di questo ritiro. Abbiamo sperimentato la gentilezza e l&#8217;attenzione amorevole per ogni dettaglio, dalla pulizia delle strutture, ai giardini profumati di fiori e piante autoctone tenuti in modo impeccabile, alla preparazione di pasti semplici ma deliziosi. <\/p>\n\n<p>Era un piacere sorprendente svegliarsi ogni mattina con il canto degli uccelli e camminare nella semioscurit\u00e0 fino al G\u00f6npa di Dzamling Gar per iniziare un altro giorno della pratica di Lunga Vita di Mandarava, e sentire la presenza del nostro Rinpoche, che 42 anni fa nella grotta di Mandarava in Nepal ricevette miracolosamente questa pratica terma di Mandarava in una serie di sogni. <\/p>\n\n<p>Siamo molto grati per tutte le possibilit\u00e0 e la fortuna che questa pratica ci offre. Grazie Ch\u00f6gyal Namkhai Norbu, dal profondo del nostro cuore. <\/p>\n","protected":false},"excerpt":{"rendered":"<p>Era un piacere sorprendente svegliarsi ogni mattina con il canto degli uccelli e camminare nella semioscurit\u00e0 fino al G\u00f6npa di Dzamling Gar per iniziare un altro giorno della pratica di Lunga Vita di Mandarava, e sentire la presenza del nostro Rinpoche, che 42 anni fa nella grotta di Mandarava in Nepal ricevette miracolosamente questa pratica terma di Mandarava in una serie di sogni. <\/p>\n","protected":false},"author":3,"featured_media":65375,"comment_status":"closed","ping_status":"closed","sticky":false,"template":"","format":"standard","meta":{"_et_pb_use_builder":"off","_et_pb_old_content":"","_et_gb_content_width":"","_searchwp_excluded":"","footnotes":""},"categories":[1492,1513,1541],"tags":[],"class_list":["post-65376","post","type-post","status-publish","format-standard","has-post-thumbnail","hentry","category-dalla-comunita","category-dzamling-gar-it","category-focus-it","et-has-post-format-content","et_post_format-et-post-format-standard"],"_links":{"self":[{"href":"https:\/\/melong.online\/it\/wp-json\/wp\/v2\/posts\/65376","targetHints":{"allow":["GET"]}}],"collection":[{"href":"https:\/\/melong.online\/it\/wp-json\/wp\/v2\/posts"}],"about":[{"href":"https:\/\/melong.online\/it\/wp-json\/wp\/v2\/types\/post"}],"author":[{"embeddable":true,"href":"https:\/\/melong.online\/it\/wp-json\/wp\/v2\/users\/3"}],"replies":[{"embeddable":true,"href":"https:\/\/melong.online\/it\/wp-json\/wp\/v2\/comments?post=65376"}],"version-history":[{"count":1,"href":"https:\/\/melong.online\/it\/wp-json\/wp\/v2\/posts\/65376\/revisions"}],"predecessor-version":[{"id":65377,"href":"https:\/\/melong.online\/it\/wp-json\/wp\/v2\/posts\/65376\/revisions\/65377"}],"wp:featuredmedia":[{"embeddable":true,"href":"https:\/\/melong.online\/it\/wp-json\/wp\/v2\/media\/65375"}],"wp:attachment":[{"href":"https:\/\/melong.online\/it\/wp-json\/wp\/v2\/media?parent=65376"}],"wp:term":[{"taxonomy":"category","embeddable":true,"href":"https:\/\/melong.online\/it\/wp-json\/wp\/v2\/categories?post=65376"},{"taxonomy":"post_tag","embeddable":true,"href":"https:\/\/melong.online\/it\/wp-json\/wp\/v2\/tags?post=65376"}],"curies":[{"name":"wp","href":"https:\/\/api.w.org\/{rel}","templated":true}]}}