{"id":67421,"date":"2026-04-30T17:52:08","date_gmt":"2026-04-30T17:52:08","guid":{"rendered":"https:\/\/melong.online\/workshop-la-danza-del-canto-del-vajra-con-lorraine-gaultier\/"},"modified":"2026-05-01T16:21:11","modified_gmt":"2026-05-01T16:21:11","slug":"workshop-la-danza-del-canto-del-vajra-con-lorraine-gaultier","status":"publish","type":"post","link":"https:\/\/melong.online\/it\/workshop-la-danza-del-canto-del-vajra-con-lorraine-gaultier\/","title":{"rendered":"Workshop \u201cDanza del Canto del Vajra\u201d con Lorraine Gaultier"},"content":{"rendered":"\n<p>Karmaling Francia<\/p>\n\n<p>4-12 aprile 2026<\/p>\n\n<p>di Philippe Vernerey.<\/p>\n\n<p>Guardo Yacob con aria complice e gli cedo volentieri il suo posto sul mandala. Lorraine ha appena mostrato, spiegato e commentato i passi del PARALI e ha invitato cinque Pamo a ripeterli con lei.  <\/p>\n\n<p>\u00c8 gioved\u00ec. <\/p>\n\n<p>Siamo nella Casa della Saggezza a Karmaling, un centro buddista in Savoia, Francia. Il centro \u00e8 stato fondato ed \u00e8 diretto da Lama Denys Rinpoche, un discepolo di Kalu Rinpoche. Fa parte della comunit\u00e0 Rimay, che significa unit\u00e0 nella diversit\u00e0. Lama Denys ha avuto l\u2019opportunit\u00e0 di incontrare Ch\u00f6gyal Namkai Norbu ed \u00e8 rimasto particolarmente colpito dalle danze Vajra durante un soggiorno in Russia. Tra loro si \u00e8 sviluppato un legame di maestria. Ch\u00f6gyal Namkai Norbu ha regolarmente accettato gli inviti di Lama Denys a venire a insegnare a Karmaling. La danza Vajra viene praticata e sviluppata qui da circa trent\u2019anni.       <\/p>\n\n<p>Un mandala \u00e8 stato dipinto in uno dei templi dell\u2019edificio principale, un monastero certosino che purtroppo \u00e8 andato distrutto in un incendio nel 2017. Da quell\u2019inverno, noi ballerini siamo stati molto fortunati: un meraviglioso nuovo mandala \u00e8 stato dipinto sul nuovo pavimento della Casa della Saggezza, un tempio costruito sul modello del G\u00f6npa di Merigar. <\/p>\n\n<p><\/p>\n\n<figure class=\"wp-block-image size-full\"><img loading=\"lazy\" decoding=\"async\" width=\"1200\" height=\"900\" src=\"https:\/\/melong.online\/wp-content\/uploads\/2026\/04\/karmaling2.jpeg\" alt=\"\" class=\"wp-image-67405\" srcset=\"https:\/\/melong.online\/wp-content\/uploads\/2026\/04\/karmaling2.jpeg 1200w, https:\/\/melong.online\/wp-content\/uploads\/2026\/04\/karmaling2-600x450.jpeg 600w, https:\/\/melong.online\/wp-content\/uploads\/2026\/04\/karmaling2-768x576.jpeg 768w, https:\/\/melong.online\/wp-content\/uploads\/2026\/04\/karmaling2-1080x810.jpeg 1080w\" sizes=\"(max-width: 1200px) 100vw, 1200px\" \/><figcaption class=\"wp-element-caption\">G\u00f6npa<\/figcaption><\/figure>\n\n<p>\u00c8 gioved\u00ec.<\/p>\n\n<p>Sesto giorno del nostro workshop sulla Danza del Canto del Vajra. Yacob e io siamo due Pawos che stanno imparando la versione Pamo: questo crea un legame. Rinuncio al mio posto per questo primo round perch\u00e9 so che ci saranno tre round di Pawos. Siamo in 13 a imparare o perfezionare il Pamo, e in 8 a imparare o perfezionare il Pawo.    <\/p>\n\n<p>\u00c8 gioved\u00ec e il workshop procede senza intoppi. Lorraine gestisce con maestria il numero dei partecipanti, il Canto del Vajra e la sua danza. Il gruppo ha trovato il suo ritmo. Qui tutti troveranno sicuramente ci\u00f2 che cercano, che siano principianti o esperti. Siamo tutti molto orgogliosi della nostra istruttrice, che sta conducendo il suo primo workshop sul Canto del Vajra. Sentiamo tutti di vivere un\u2019esperienza davvero unica. Un&#8217;alchimia di antico e moderno, un incontro sempre rinnovato tra il luogo e la danza, una prima volta per Lorraine e, in un certo senso, per tutti noi.       <\/p>\n\n<p>La presenza di Yacob, venuto appositamente da Israele, nel bel mezzo della guerra, ci commuove per il suo impegno, soprattutto perch\u00e9 molti di noi vivono nelle vicinanze. Qui, insieme questa settimana, formiamo una famiglia, fratelli e sorelle del Vajra. Per tutta la durata di questo workshop e oltre.  <\/p>\n\n<p><\/p>\n\n<figure class=\"wp-block-image size-full\"><img loading=\"lazy\" decoding=\"async\" width=\"1200\" height=\"900\" src=\"https:\/\/melong.online\/wp-content\/uploads\/2026\/04\/karmaling1.jpeg\" alt=\"\" class=\"wp-image-67404\" srcset=\"https:\/\/melong.online\/wp-content\/uploads\/2026\/04\/karmaling1.jpeg 1200w, https:\/\/melong.online\/wp-content\/uploads\/2026\/04\/karmaling1-600x450.jpeg 600w, https:\/\/melong.online\/wp-content\/uploads\/2026\/04\/karmaling1-768x576.jpeg 768w, https:\/\/melong.online\/wp-content\/uploads\/2026\/04\/karmaling1-1080x810.jpeg 1080w\" sizes=\"(max-width: 1200px) 100vw, 1200px\" \/><\/figure>\n\n<p><\/p>\n\n<p>PA RI LI \u00e8 imparato. Ora \u00e8 venerd\u00ec.  <\/p>\n\n<p>Prima di imparare i passi di HI SA NA, Lorraine ci invita ad ascoltare il testo di Ch\u00f6gyal Namkai Norbu, trascritto nel libro \u201cDiagram of Dances\u201d. Prima in inglese nella sua versione originale, poi in francese in una versione di lavoro gentilmente fornita da Nadia. Questa lettura e questo ascolto ci invitano a esplorarne il significato spirituale. Questo spazio di apertura, questa trasmissione delle parole di Ch\u00f6gyal Namkai Norbu, il maestro, ci permette di accedere alla profondit\u00e0 del Canto del Vajra e al suo significato danzato. Ci radica. Ci fa sedere sui nostri cuscini, ci ristabilisce in questo magnifico tempio, intriso di spiritualit\u00e0, coronato da un affresco di tutti i maestri dei vari lignaggi buddisti tibetani. Siamo connessi a qualcosa di pi\u00f9 grande di noi stessi.      <\/p>\n\n<p>\u00c8 domenica. Questa mattina abbiamo danzato, danzato, danzato l\u2019intera  <\/p>\n\n<p>prima parte del Canto del Vajra. Per chi ha familiarit\u00e0 con entrambi gli stili, a volte Pamo, a volte Pawo. Ora, quando danzo Pamo tra due danze Pawo, \u00e8 il piede corretto che guida, sono meno confusa, per\u00f2\u2026 Questo processo di apprendimento \u00e8 una rivalutazione delle mie capacit\u00e0 di \u201cbrava\u201d ballerina. Rimanere centrata, lasciare che la confusione passi se sorge, tornare a me stessa e gioire. Grazie, Lorraine, per averci insegnato e incarnato questo atteggiamento di profonda gioia. Grazie, Lorraine, per aver condiviso tutta la tua conoscenza di questa danza incredibilmente complessa, ricca e potente. Per aver condiviso con noi le ore e ore di apprendimento, formazione per insegnanti e appunti, senza trattenere nulla.        Grazie.<\/p>\n\n<p><\/p>\n\n<figure class=\"wp-block-image size-large\"><img loading=\"lazy\" decoding=\"async\" width=\"960\" height=\"1280\" src=\"https:\/\/melong.online\/wp-content\/uploads\/2026\/04\/karmaling-1-960x1280.jpeg\" alt=\"\" class=\"wp-image-67403\" srcset=\"https:\/\/melong.online\/wp-content\/uploads\/2026\/04\/karmaling-1-960x1280.jpeg 960w, https:\/\/melong.online\/wp-content\/uploads\/2026\/04\/karmaling-1-450x600.jpeg 450w, https:\/\/melong.online\/wp-content\/uploads\/2026\/04\/karmaling-1-768x1024.jpeg 768w, https:\/\/melong.online\/wp-content\/uploads\/2026\/04\/karmaling-1-1152x1536.jpeg 1152w, https:\/\/melong.online\/wp-content\/uploads\/2026\/04\/karmaling-1-1080x1440.jpeg 1080w, https:\/\/melong.online\/wp-content\/uploads\/2026\/04\/karmaling-1.jpeg 1200w\" sizes=\"(max-width: 960px) 100vw, 960px\" \/><\/figure>\n\n<p><\/p>\n\n<p>Le lacrime mi salgono agli occhi nel cerchio di chiusura. Lacrime di gratitudine. <\/p>\n\n<p>Che magnifico privilegio vivere questa settimana lunga, ricca, intensa e piena di danza. Essere coinvolti nella danza Vajra, avere accesso a questo insegnamento, a questa grazia. Grazie ai nostri insegnanti, al luogo, agli insegnamenti, a Lorraine e a noi, questo gruppo di iniziati, che si ritrover\u00e0 ad agosto per la seconda parte, con nostra grande gioia\u2026  <\/p>\n","protected":false},"excerpt":{"rendered":"<p>\u00c8 gioved\u00ec e il seminario procede senza intoppi. Lorraine gestisce con grande competenza il numero dei partecipanti, il Canto del Vajra e la relativa danza. Il gruppo ha trovato il proprio ritmo.   <\/p>\n","protected":false},"author":3,"featured_media":67420,"comment_status":"closed","ping_status":"closed","sticky":false,"template":"","format":"standard","meta":{"_et_pb_use_builder":"off","_et_pb_old_content":"","_et_gb_content_width":"","_searchwp_excluded":"","footnotes":""},"categories":[1492,1528,1560],"tags":[],"class_list":["post-67421","post","type-post","status-publish","format-standard","has-post-thumbnail","hentry","category-dalla-comunita","category-danza-del-vajra","category-merigar-west-it","et-has-post-format-content","et_post_format-et-post-format-standard"],"_links":{"self":[{"href":"https:\/\/melong.online\/it\/wp-json\/wp\/v2\/posts\/67421","targetHints":{"allow":["GET"]}}],"collection":[{"href":"https:\/\/melong.online\/it\/wp-json\/wp\/v2\/posts"}],"about":[{"href":"https:\/\/melong.online\/it\/wp-json\/wp\/v2\/types\/post"}],"author":[{"embeddable":true,"href":"https:\/\/melong.online\/it\/wp-json\/wp\/v2\/users\/3"}],"replies":[{"embeddable":true,"href":"https:\/\/melong.online\/it\/wp-json\/wp\/v2\/comments?post=67421"}],"version-history":[{"count":6,"href":"https:\/\/melong.online\/it\/wp-json\/wp\/v2\/posts\/67421\/revisions"}],"predecessor-version":[{"id":67426,"href":"https:\/\/melong.online\/it\/wp-json\/wp\/v2\/posts\/67421\/revisions\/67426"}],"wp:featuredmedia":[{"embeddable":true,"href":"https:\/\/melong.online\/it\/wp-json\/wp\/v2\/media\/67420"}],"wp:attachment":[{"href":"https:\/\/melong.online\/it\/wp-json\/wp\/v2\/media?parent=67421"}],"wp:term":[{"taxonomy":"category","embeddable":true,"href":"https:\/\/melong.online\/it\/wp-json\/wp\/v2\/categories?post=67421"},{"taxonomy":"post_tag","embeddable":true,"href":"https:\/\/melong.online\/it\/wp-json\/wp\/v2\/tags?post=67421"}],"curies":[{"name":"wp","href":"https:\/\/api.w.org\/{rel}","templated":true}]}}