{"id":71948,"date":"2026-08-25T12:52:03","date_gmt":"2026-08-25T12:52:03","guid":{"rendered":"https:\/\/melong.online\/vajra-dance-a-dargyaling-colonia-germania\/"},"modified":"2026-08-31T10:59:53","modified_gmt":"2026-08-31T10:59:53","slug":"vajra-dance-a-dargyaling-colonia-germania","status":"publish","type":"post","link":"https:\/\/melong.online\/it\/vajra-dance-a-dargyaling-colonia-germania\/","title":{"rendered":"Danza del Vajra a Dargy\u00e4ling, Colonia, Germania"},"content":{"rendered":"\n<p class=\"wp-block-paragraph\">di Jil Self<\/p>\n\n<p class=\"wp-block-paragraph\"><\/p>\n\n<p class=\"wp-block-paragraph\">Nei mesi di maggio e giugno del 2026, abbiamo avuto la grande opportunit\u00e0 di ospitare il corso completo di Danza del Vajra (Song of the Vajra) a Dargy\u00e4ling, Colonia.<\/p>\n\n<p class=\"wp-block-paragraph\">Carisa O\u2019Kelly \u00e8 stata la nostra eccellente insegnante di danza, disposta a venire da lontano per insegnarci entrambe le parti della danza SOV in un lasso di tempo cos\u00ec breve.<\/p>\n\n<p class=\"wp-block-paragraph\">Abbiamo davvero apprezzato la sua precisione, competenza, flessibilit\u00e0 e il suo senso dell\u2019umorismo!<\/p>\n\n<p class=\"wp-block-paragraph\">Guardandoci intorno nel Mandala, siamo rimasti stupiti nel vedere che gruppo internazionale si stava esercitando insieme qui: ballerini provenienti da Francia, Yakutia, Irlanda, Scozia, Inghilterra, Russia, Ucraina, Romania, Italia e Germania! \u00c8 stato un incontro gioioso. Abbiamo imparato e ballato tantissimo \u2013 e naturalmente ci siamo divertiti moltissimo lungo il percorso. Quattro ballerini hanno soggiornato al Ling durante il corso, rafforzando la sensazione di essere una famiglia unita.    <\/p>\n\n<p class=\"wp-block-paragraph\"><\/p>\n\n<figure class=\"wp-block-image size-full\"><img loading=\"lazy\" decoding=\"async\" width=\"1200\" height=\"900\" src=\"https:\/\/melong.online\/wp-content\/uploads\/2026\/08\/VDCologne1.jpeg\" alt=\"\" class=\"wp-image-71857\" srcset=\"https:\/\/melong.online\/wp-content\/uploads\/2026\/08\/VDCologne1.jpeg 1200w, https:\/\/melong.online\/wp-content\/uploads\/2026\/08\/VDCologne1-600x450.jpeg 600w, https:\/\/melong.online\/wp-content\/uploads\/2026\/08\/VDCologne1-768x576.jpeg 768w, https:\/\/melong.online\/wp-content\/uploads\/2026\/08\/VDCologne1-1080x810.jpeg 1080w\" sizes=\"(max-width: 1200px) 100vw, 1200px\" \/><\/figure>\n\n<p class=\"wp-block-paragraph\"><\/p>\n\n<p class=\"wp-block-paragraph\">Grazie, Carisa! E grazie a tutti coloro che hanno collaborato cos\u00ec bene per rendere questa esperienza indimenticabile nel cuore di Colonia, vicino al fiume Reno. <\/p>\n\n<p class=\"wp-block-paragraph\">Marie dalla Francia ha scritto un commento incantevole che riportiamo qui per condividere un po\u2019 di quell\u2019atmosfera:<\/p>\n\n<p class=\"wp-block-paragraph\">&#8211; Vajra Dance a Dargy\u00e4ling &#8211;<\/p>\n\n<p class=\"wp-block-paragraph\">Ci\u00f2 che ho apprezzato di pi\u00f9 \u00e8 stata la capacit\u00e0 dei membri di questo gruppo di creare uno spazio in cui tutti potessero vivere e divertirsi liberamente:<\/p>\n\n<p class=\"wp-block-paragraph\">la profonda efficienza di Carisa, la comprensione profonda ed essenziale di Gabriella, la presenza gioiosa di Birgit, le delicate indicazioni di John, la forza umile ma potente di Jil, il silenzio luminoso di Victoria, la calda cura di Eleonora e il contributo di tutti gli altri che hanno aggiunto fluidit\u00e0 e disinvoltura nella danza di preparare t\u00e8, caff\u00e8, cucinare, passare lo straccio, passare l\u2019aspirapolvere, impilare le bottiglie vuote, svuotare la spazzatura, accendere la candela \u2013 e cantare!:<\/p>\n\n<p class=\"wp-block-paragraph\">Oh! La chiarezza delle nostre voci unite in un\u2019esibizione in cui ciascuno dei nostri toni vibra nella stessa melodia, scintillando della magia della stessa trasmissione.<\/p>\n\n<p class=\"wp-block-paragraph\">Oh! La presenza fisica del maestro, iridescente nella nostra dimensione attraverso la trasparenza del nostro canto!<\/p>\n\n<p class=\"wp-block-paragraph\">Oh! La dimensione tedesca del Nirmanakaya!<\/p>\n","protected":false},"excerpt":{"rendered":"<p>Nei mesi di maggio e giugno del 2026 abbiamo avuto la grande opportunit\u00e0 di ospitare il corso completo di danza \u201cSong of the Vajra\u201d a Dargy\u00e4ling, Colonia.<\/p>\n","protected":false},"author":3,"featured_media":71947,"comment_status":"closed","ping_status":"closed","sticky":false,"template":"","format":"standard","meta":{"_et_pb_use_builder":"off","_et_pb_old_content":"","_et_gb_content_width":"","_searchwp_excluded":"","footnotes":""},"categories":[1528],"tags":[],"class_list":["post-71948","post","type-post","status-publish","format-standard","has-post-thumbnail","hentry","category-danza-del-vajra","et-has-post-format-content","et_post_format-et-post-format-standard"],"_links":{"self":[{"href":"https:\/\/melong.online\/it\/wp-json\/wp\/v2\/posts\/71948","targetHints":{"allow":["GET"]}}],"collection":[{"href":"https:\/\/melong.online\/it\/wp-json\/wp\/v2\/posts"}],"about":[{"href":"https:\/\/melong.online\/it\/wp-json\/wp\/v2\/types\/post"}],"author":[{"embeddable":true,"href":"https:\/\/melong.online\/it\/wp-json\/wp\/v2\/users\/3"}],"replies":[{"embeddable":true,"href":"https:\/\/melong.online\/it\/wp-json\/wp\/v2\/comments?post=71948"}],"version-history":[{"count":1,"href":"https:\/\/melong.online\/it\/wp-json\/wp\/v2\/posts\/71948\/revisions"}],"predecessor-version":[{"id":71949,"href":"https:\/\/melong.online\/it\/wp-json\/wp\/v2\/posts\/71948\/revisions\/71949"}],"wp:featuredmedia":[{"embeddable":true,"href":"https:\/\/melong.online\/it\/wp-json\/wp\/v2\/media\/71947"}],"wp:attachment":[{"href":"https:\/\/melong.online\/it\/wp-json\/wp\/v2\/media?parent=71948"}],"wp:term":[{"taxonomy":"category","embeddable":true,"href":"https:\/\/melong.online\/it\/wp-json\/wp\/v2\/categories?post=71948"},{"taxonomy":"post_tag","embeddable":true,"href":"https:\/\/melong.online\/it\/wp-json\/wp\/v2\/tags?post=71948"}],"curies":[{"name":"wp","href":"https:\/\/api.w.org\/{rel}","templated":true}]}}